{"id":1514,"date":"2026-09-02T08:27:02","date_gmt":"2026-09-02T06:27:02","guid":{"rendered":"https:\/\/nadonsfisioterapia.com\/?p=1514"},"modified":"2026-09-02T08:27:05","modified_gmt":"2026-09-02T06:27:05","slug":"nada-mira-siempre-hacia-el-mismo-lado","status":"publish","type":"post","link":"https:\/\/nadonsfisioterapia.com\/es\/nado-mira-sempre-cap-al-mateix-costat\/","title":{"rendered":"Mi beb\u00e9 mira siempre hacia el mismo lado: es normal y qu\u00e9 hacer"},"content":{"rendered":"<p class=\"wp-block-paragraph\">La inclinaci\u00f3n de la cabeza en los beb\u00e9s puede generar inquietud entre los padres. Si tu beb\u00e9 mira siempre hacia el mismo lado de manera persistente, esta condici\u00f3n puede estar relacionada con diversas causas, incluyendo la tort\u00edcolis muscular cong\u00e9nita. Entender las caracter\u00edsticas de esta inclinaci\u00f3n es fundamental para garantizar el desarrollo adecuado del beb\u00e9.<\/p>\n\n\n\n<h2 class=\"wp-block-heading\">La inclinaci\u00f3n de la cabeza en el beb\u00e9: \u00bfcu\u00e1ndo es normal?<\/h2>\n\n\n\n<p class=\"wp-block-paragraph\">La inclinaci\u00f3n de la cabeza en los beb\u00e9s es un aspecto que a menudo genera preocupaci\u00f3n entre los padres. En la mayor\u00eda de los casos, las variaciones en la postura de la cabeza son normales durante las primeras etapas de vida. Los beb\u00e9s se suelen mover hacia un lado, debido a la naturaleza de sus m\u00fasculos y de su inmadurez f\u00edsica.<\/p>\n\n\n\n<p class=\"wp-block-paragraph\">Es com\u00fan que los beb\u00e9s, durante los primeros meses, prefieran girar la cabeza en una direcci\u00f3n espec\u00edfica, lo que puede estar influenciado por diversos factores. Esto puede incluir su comodidad en una posici\u00f3n determinada o su entorno, como los est\u00edmulos visuales y auditivos que los atraen.<\/p>\n\n\n\n<ul class=\"wp-block-list\">\n<li>El primer mes de vida es cuando m\u00e1s se puede observar esta inclinaci\u00f3n.<\/li>\n\n\n\n<li>Hasta los tres meses, muchos beb\u00e9s giran la cabeza con facilidad, pero desarrollar la capacidad de moverse con libertad puede requerir tiempo.<\/li>\n\n\n\n<li>No es extra\u00f1o que, a medida que crecen, este problema tienda a solucionarse de manera natural.<\/li>\n<\/ul>\n\n\n\n<p class=\"wp-block-paragraph\">Es crucial que los padres est\u00e9n alerta y observen si la inclinaci\u00f3n se vuelve persistente y si existen otros s\u00edntomas asociados. Mantener un seguimiento del desarrollo del beb\u00e9 es esencial para garantizar que todo siga un curso saludable.<\/p>\n\n\n\n<h2 class=\"wp-block-heading\">Principales causas de la preferencia por mirar hacia el mismo lado<\/h2>\n\n\n\n<p class=\"wp-block-paragraph\">La preferencia de un beb\u00e9 por girar la cabeza en una direcci\u00f3n puede ser el resultado de diversas causas, que van desde factores mec\u00e1nicos hasta condiciones que afectan la movilidad del cuello.<\/p>\n\n\n\n<h3 class=\"wp-block-heading\"><strong>Influencia de la posici\u00f3n durante las primeras semanas de vida<\/strong><\/h3>\n\n\n\n<p class=\"wp-block-paragraph\">La manera en que el beb\u00e9 se posiciona durante las primeras semanas de vida tiene un papel crucial en el desarrollo del cuello. Cuando un beb\u00e9 pasa demasiado tiempo en una postura fija, puede adoptar una inclinaci\u00f3n persistente.<\/p>\n\n\n\n<ul class=\"wp-block-list\">\n<li>Las posiciones reiteradas en un mismo lado pueden provocar tensi\u00f3n muscular.<\/li>\n\n\n\n<li>La falta de variaci\u00f3n en las posiciones puede incrementar la preferencia por un lado.<\/li>\n<\/ul>\n\n\n\n<h3 class=\"wp-block-heading\"><strong>Factores durante el embarazo y el parto que pueden afectar el cuello<\/strong><\/h3>\n\n\n\n<p class=\"wp-block-paragraph\">Los aspectos relacionados con el embarazo y el parto tambi\u00e9n pueden influir en la postura del beb\u00e9. Algunas situaciones pueden limitar la libertad de movimiento del cuello.<\/p>\n\n\n\n<ul class=\"wp-block-list\">\n<li>Una mala posici\u00f3n intrauterina puede provocar una retracci\u00f3n muscular.<\/li>\n\n\n\n<li>Partos complicados y dif\u00edciles pueden afectar la movilidad del cuello del beb\u00e9.<\/li>\n<\/ul>\n\n\n\n<h3 class=\"wp-block-heading\"><strong>Otras causas asociadas: fracturas y par\u00e1lisis del plexo braquial<\/strong><\/h3>\n\n\n\n<p class=\"wp-block-paragraph\">Existen otras condiciones que pueden contribuir a la inclinaci\u00f3n de la cabeza. Estos factores pueden limitar la movilidad y provocar preferencias posturales.<\/p>\n\n\n\n<ul class=\"wp-block-list\">\n<li>Las fracturas de clav\u00edcula pueden ocasionar dolor y restricciones en el movimiento.<\/li>\n\n\n\n<li>La par\u00e1lisis del plexo braquial puede afectar la movilidad del brazo y del cuello.<\/li>\n<\/ul>\n\n\n\n<h2 class=\"wp-block-heading\">S\u00edntomas y signos que pueden acompa\u00f1ar la postura fija de la cabeza<\/h2>\n\n\n\n<p class=\"wp-block-paragraph\">La postura fija de la cabeza en beb\u00e9s puede ser indicativa de algunas condiciones que requieren atenci\u00f3n. Reconocer los s\u00edntomas asociados es clave para garantizar el bienestar del beb\u00e9.<\/p>\n\n\n\n<h3 class=\"wp-block-heading\"><strong>Restricci\u00f3n de la movilidad del cuello y la musculatura afectada<\/strong><\/h3>\n\n\n\n<p class=\"wp-block-paragraph\">Uno de los signos m\u00e1s evidentes es la limitaci\u00f3n en la movilidad del cuello. Esto puede manifestarse como:<\/p>\n\n\n\n<ul class=\"wp-block-list\">\n<li>Los beb\u00e9s que tienen dificultades para girar la cabeza en ambas direcciones.<\/li>\n\n\n\n<li>La dificultad para iniciar movimientos de inclinaci\u00f3n lateral adecuados.<\/li>\n\n\n\n<li>Una evidente rigidez a la hora de ajustar la posici\u00f3n de la cabeza durante el sue\u00f1o o el juego.<\/li>\n<\/ul>\n\n\n\n<p class=\"wp-block-paragraph\">Esta restricci\u00f3n puede ser causada por una tensi\u00f3n muscular que dificulte el movimiento normal del cuello.<\/p>\n\n\n\n<h3 class=\"wp-block-heading\"><strong>Aparici\u00f3n de una plagiocefalia y deformidades craneales<\/strong><\/h3>\n\n\n\n<p class=\"wp-block-paragraph\">La postura fija de la cabeza tambi\u00e9n puede provocar deformaciones craneales. Algunas de las manifestaciones incluyen:<\/p>\n\n\n\n<ul class=\"wp-block-list\">\n<li>Plagiocefalia, que se caracteriza por una asimetr\u00eda visible en la forma de la cabeza.<\/li>\n\n\n\n<li>Zonas planas en la parte posterior de la cabeza, que aparecen por la presi\u00f3n constante en una misma \u00e1rea.<\/li>\n\n\n\n<li>Desviaci\u00f3n de las caracter\u00edsticas faciales, como las orejas que pueden parecer desalineadas.<\/li>\n<\/ul>\n\n\n\n<p class=\"wp-block-paragraph\">Las deformaciones craneales pueden ser m\u00e1s evidentes si no se realiza una intervenci\u00f3n precoz.<\/p>\n\n\n\n<h3 class=\"wp-block-heading\"><strong>C\u00f3mo reconocer la tort\u00edcolis cong\u00e9nita muscular<\/strong><\/h3>\n\n\n\n<p class=\"wp-block-paragraph\">La tort\u00edcolis cong\u00e9nita muscular se puede reconocer por algunos signos clave. Estos incluyen:<\/p>\n\n\n\n<ul class=\"wp-block-list\">\n<li>Inclinaci\u00f3n constante de la cabeza hacia un lado, con rotaci\u00f3n hacia el otro.<\/li>\n\n\n\n<li>Falta de fuerza al girar la cabeza.<\/li>\n\n\n\n<li>Reacciones limitadas a est\u00edmulos visuales o auditivos que requieran girar el cuello.<\/li>\n<\/ul>\n\n\n\n<p class=\"wp-block-paragraph\">La detecci\u00f3n de estos s\u00edntomas es fundamental para un diagn\u00f3stico preciso.<\/p>\n\n\n\n<h2 class=\"wp-block-heading\">Diagn\u00f3stico y valoraci\u00f3n profesional de la inclinaci\u00f3n persistente<\/h2>\n\n\n\n<p class=\"wp-block-paragraph\">La <a href=\"https:\/\/nadonsfisioterapia.com\/es\/\">detecci\u00f3n y valoraci\u00f3n correcta<\/a> de la inclinaci\u00f3n de la cabeza en los beb\u00e9s es esencial para garantizar un buen desarrollo y prevenir posibles complicaciones. Una evaluaci\u00f3n profesional implica diversos pasos y t\u00e9cnicas.<\/p>\n\n\n\n<h3 class=\"wp-block-heading\"><strong>Explorar la movilidad y el estado de los huesos del cuello y del cr\u00e1neo<\/strong><\/h3>\n\n\n\n<p class=\"wp-block-paragraph\">El primer paso para diagnosticar la tort\u00edcolis cong\u00e9nita muscular consiste en una exploraci\u00f3n f\u00edsica detallada. Los profesionales de la salud evaluar\u00e1n:<\/p>\n\n\n\n<ul class=\"wp-block-list\">\n<li>La inclinaci\u00f3n lateral de la cabeza del beb\u00e9.<\/li>\n\n\n\n<li>La rotaci\u00f3n del cuello hacia ambos lados.<\/li>\n\n\n\n<li>La simetr\u00eda de las estructuras craneales.<\/li>\n<\/ul>\n\n\n\n<p class=\"wp-block-paragraph\">Esta valoraci\u00f3n ayuda a descartar otras posibles causas que puedan provocar la postura fija de la cabeza.<\/p>\n\n\n\n<h3 class=\"wp-block-heading\"><strong>Pruebas complementarias en algunos casos espec\u00edficos<\/strong><\/h3>\n\n\n\n<p class=\"wp-block-paragraph\">En determinadas situaciones, se deben considerar pruebas adicionales para llegar a un diagn\u00f3stico preciso. Esto puede incluir:<\/p>\n\n\n\n<ul class=\"wp-block-list\">\n<li>Radiograf\u00edas para examinar posibles fracturas.<\/li>\n\n\n\n<li>Ultrasonidos para evaluar el estado de los m\u00fasculos y estructuras del cuello.<\/li>\n\n\n\n<li>Valoraciones neurol\u00f3gicas si se identifican signos de par\u00e1lisis del plexo braquial.<\/li>\n<\/ul>\n\n\n\n<h3 class=\"wp-block-heading\"><strong>Importancia del diagn\u00f3stico precoz para el desarrollo del beb\u00e9<\/strong><\/h3>\n\n\n\n<p class=\"wp-block-paragraph\">La detecci\u00f3n temprana de la tort\u00edcolis muscular cong\u00e9nita es fundamental. Un diagn\u00f3stico r\u00e1pido permite iniciar un tratamiento adecuado, aumentando las posibilidades de resoluci\u00f3n completa. A medida que el beb\u00e9 se desarrolla, una actuaci\u00f3n temprana puede evitar complicaciones futuras y mejorar su calidad de vida. Los padres deben ser conscientes de la importancia de una revisi\u00f3n constante y de un seguimiento profesional para garantizar un desarrollo saludable del beb\u00e9.<\/p>\n\n\n\n<h2 class=\"wp-block-heading\">Tratamientos para corregir la inclinaci\u00f3n de la cabeza y mejorar la movilidad<\/h2>\n\n\n\n<p class=\"wp-block-paragraph\">La correcci\u00f3n de la inclinaci\u00f3n de la cabeza en beb\u00e9s implica diversas estrategias orientadas a mejorar la movilidad cervical. Estos tratamientos son fundamentales para asegurar un desarrollo saludable.<\/p>\n\n\n\n<h3 class=\"wp-block-heading\"><strong>Fisioterapia<\/strong> <strong>pedi\u00e1trica<\/strong><strong>:<\/strong> <strong>tratar las estructuras implicadas,<\/strong> <strong>estiramientos y ejercicios espec\u00edficos<\/strong><\/h3>\n\n\n\n<p class=\"wp-block-paragraph\">La fisioterapia es uno de los enfoques clave para abordar la tort\u00edcolis cong\u00e9nita muscular. Los profesionales realizan una serie de t\u00e9cnicas, estiramientos y ejercicios adaptados a las necesidades del beb\u00e9.<\/p>\n\n\n\n<h4 class=\"wp-block-heading\"><strong>Masoterapia suave y movilidad pasiva del cuello<\/strong><\/h4>\n\n\n\n<p class=\"wp-block-paragraph\">Las t\u00e9cnicas de masaje suave ayudan a relajar la musculatura del cuello. Adem\u00e1s, la movilidad pasiva implica que el fisioterapeuta asista al beb\u00e9 en los movimientos del cuello, favoreciendo su flexibilidad.<\/p>\n\n\n\n<h4 class=\"wp-block-heading\"><strong>Estimulaci\u00f3n activa con juegos y est\u00edmulos visuales y auditivos<\/strong><\/h4>\n\n\n\n<p class=\"wp-block-paragraph\">La fisioterapia no solo se basa en el estiramiento, sino que tambi\u00e9n incluye actividades que motiven al beb\u00e9 a moverse. Los juegos interactivos y los est\u00edmulos visuales y auditivos ayudan a promover una movilidad activa, fomentando la rotaci\u00f3n hacia el lado que est\u00e1 m\u00e1s limitado.<\/p>\n\n\n\n<h3 class=\"wp-block-heading\"><strong>Ejercicios y cuidados que se pueden hacer en casa con supervisi\u00f3n<\/strong><\/h3>\n\n\n\n<p class=\"wp-block-paragraph\">Es importante que los padres colaboren en el tratamiento mediante ejercicios en casa. Esto puede complementar las sesiones de fisioterapia y mejorar los resultados.<\/p>\n\n\n\n<h4 class=\"wp-block-heading\"><strong>Posiciones para favorecer la rotaci\u00f3n hacia el lado contrario<\/strong><\/h4>\n\n\n\n<p class=\"wp-block-paragraph\">Incorporar variaciones en la posici\u00f3n del beb\u00e9 durante las actividades diarias puede ayudar en la rotaci\u00f3n del cuello. Colocar juguetes u objetos de inter\u00e9s en el lado opuesto al preferido puede motivar al beb\u00e9 a girarse.<\/p>\n\n\n\n<p class=\"wp-block-paragraph\">Para evitar deformidades craneales asociadas, el uso de cojines adaptados puede ser beneficioso. Estos cojines ayudan a mantener la cabeza en una posici\u00f3n neutral mientras duermen o cuando est\u00e1n en reposo, siempre bajo la indicaci\u00f3n de un profesional sanitario de si es necesario o no.<\/p>\n\n\n\n<h2 class=\"wp-block-heading\">Consejos y recomendaciones para los padres durante las primeras semanas<\/h2>\n\n\n\n<p class=\"wp-block-paragraph\">Es fundamental que los padres conozcan algunas pautas para asegurar el bienestar y el desarrollo de los beb\u00e9s durante sus primeras semanas. A continuaci\u00f3n, se presentan consejos \u00fatiles a tener en cuenta.<\/p>\n\n\n\n<h3 class=\"wp-block-heading\"><strong>Variar la posici\u00f3n del beb\u00e9 durante el sue\u00f1o y el cambio de pa\u00f1ales<\/strong><\/h3>\n\n\n\n<p class=\"wp-block-paragraph\">La colocaci\u00f3n del beb\u00e9 en varias posiciones puede contribuir a su desarrollo adecuado. Es recomendable:<\/p>\n\n\n\n<ul class=\"wp-block-list\">\n<li>Alternar los lados donde se coloca al beb\u00e9 en la cama o cuna.<\/li>\n\n\n\n<li>Cambiar de lado durante el cambio de pa\u00f1ales, promoviendo una rotaci\u00f3n natural de la cabeza.<\/li>\n\n\n\n<li>Utilizar cojines espec\u00edficos que permitan mantener una posici\u00f3n equilibrada.<\/li>\n<\/ul>\n\n\n\n<h3 class=\"wp-block-heading\"><strong>Est\u00edmulos adecuados para el desarrollo postural y muscular<\/strong><\/h3>\n\n\n\n<p class=\"wp-block-paragraph\">Proporcionar est\u00edmulos que fomenten el movimiento del beb\u00e9 es esencial. Algunas estrategias efectivas incluyen:<\/p>\n\n\n\n<ul class=\"wp-block-list\">\n<li>Colocar juguetes visuales o sonoros que le hagan girar la cabeza en diferentes direcciones.<\/li>\n\n\n\n<li>Fomentar el tiempo boca abajo para fortalecer la musculatura del cuello y la espalda.<\/li>\n<\/ul>\n\n\n\n<h3 class=\"wp-block-heading\"><strong>Seguimiento y colaboraci\u00f3n con los profesionales de la salud<\/strong><\/h3>\n\n\n\n<p class=\"wp-block-paragraph\">La comunicaci\u00f3n constante con los profesionales de la salud puede marcar una gran diferencia en la detecci\u00f3n y tratamiento de posibles afecciones. Es importante:<\/p>\n\n\n\n<ul class=\"wp-block-list\">\n<li>Mantener visitas regulares con el pediatra para monitorizar el desarrollo.<\/li>\n\n\n\n<li>Compartir inquietudes sobre la inclinaci\u00f3n de la cabeza o cualquier otro aspecto del beb\u00e9.<\/li>\n<\/ul>\n\n\n\n<h2 class=\"wp-block-heading\">Evoluci\u00f3n y pron\u00f3stico seg\u00fan el tipo y la gravedad del problema<\/h2>\n\n\n\n<p class=\"wp-block-paragraph\">Los beb\u00e9s con inclinaci\u00f3n persistente de la cabeza presentan un pron\u00f3stico variable que depende de la gravedad de la condici\u00f3n y del momento en que se les diagnostica.<\/p>\n\n\n\n<h3 class=\"wp-block-heading\"><strong>Pron\u00f3stico favorable con tratamiento precoz y adecuado<\/strong><\/h3>\n\n\n\n<p class=\"wp-block-paragraph\">La mayor\u00eda de los ni\u00f1os con tort\u00edcolis muscular cong\u00e9nita a los que se les detecta a tiempo tienen un pron\u00f3stico favorable. Si se inicia el tratamiento adecuado, se estima que entre el 90 % y el 95 % de los casos se resuelven de forma eficaz. Por lo tanto, es fundamental actuar a tiempo para prevenir complicaciones futuras.<\/p>\n\n\n\n<h3 class=\"wp-block-heading\"><strong>Posibles complicaciones si no se trata a tiempo<\/strong><\/h3>\n\n\n\n<p class=\"wp-block-paragraph\">Si la tort\u00edcolis muscular cong\u00e9nita no se diagnostica ni se trata de manera adecuada, pueden aparecer una serie de complicaciones. Algunas de estas incluyen:<\/p>\n\n\n\n<ul class=\"wp-block-list\">\n<li>Desviaciones permanentes de la columna vertebral.<\/li>\n\n\n\n<li>Plagiocefalia, que puede comportar deformidades craneales a largo plazo.<\/li>\n\n\n\n<li>Dificultades en la movilidad del cuello y afectaciones en el desarrollo motor.<\/li>\n\n\n\n<li>problemas visuales, mandibulares y en el aprendizaje.<\/li>\n<\/ul>\n\n\n\n<p class=\"wp-block-paragraph\">Un diagn\u00f3stico tard\u00edo puede resultar en un requerimiento de intervenciones m\u00e1s complejas.<\/p>\n\n\n\n<h3 class=\"wp-block-heading\"><strong>Importancia del apoyo familiar en el proceso de recuperaci\u00f3n<\/strong><\/h3>\n\n\n\n<p class=\"wp-block-paragraph\">El rol de la familia es fundamental durante el tratamiento. El apoyo emocional y la participaci\u00f3n activa de los padres influyen directamente en la recuperaci\u00f3n del beb\u00e9. Colaborar con profesionales de la salud, crear un entorno estimulante y seguir las recomendaciones terap\u00e9uticas maximiza las posibilidades de \u00e9xito en el tratamiento.<\/p>\n\n\n\n<p class=\"wp-block-paragraph\"><\/p>","protected":false},"excerpt":{"rendered":"<p>L&#8217;inclinaci\u00f3 del cap en els nadons pot generar inquietud entre els pares. Si el teu nad\u00f3 mira sempre cap al mateix costat de manera persistent, aquesta condici\u00f3 pot estar relacionada amb diverses causes, incloent la tort\u00edcoli muscular cong\u00e8nita. Entendre les caracter\u00edstiques d&#8217;aquesta inclinaci\u00f3 \u00e9s fonamental per garantir el desenvolupament adequat del nad\u00f3. La inclinaci\u00f3 del [&hellip;]<\/p>\n","protected":false},"author":1,"featured_media":1515,"comment_status":"closed","ping_status":"closed","sticky":false,"template":"","format":"standard","meta":{"footnotes":""},"categories":[1],"tags":[],"class_list":["post-1514","post","type-post","status-publish","format-standard","has-post-thumbnail","hentry","category-sin-categoria"],"_links":{"self":[{"href":"https:\/\/nadonsfisioterapia.com\/es\/wp-json\/wp\/v2\/posts\/1514","targetHints":{"allow":["GET"]}}],"collection":[{"href":"https:\/\/nadonsfisioterapia.com\/es\/wp-json\/wp\/v2\/posts"}],"about":[{"href":"https:\/\/nadonsfisioterapia.com\/es\/wp-json\/wp\/v2\/types\/post"}],"author":[{"embeddable":true,"href":"https:\/\/nadonsfisioterapia.com\/es\/wp-json\/wp\/v2\/users\/1"}],"replies":[{"embeddable":true,"href":"https:\/\/nadonsfisioterapia.com\/es\/wp-json\/wp\/v2\/comments?post=1514"}],"version-history":[{"count":1,"href":"https:\/\/nadonsfisioterapia.com\/es\/wp-json\/wp\/v2\/posts\/1514\/revisions"}],"predecessor-version":[{"id":1516,"href":"https:\/\/nadonsfisioterapia.com\/es\/wp-json\/wp\/v2\/posts\/1514\/revisions\/1516"}],"wp:featuredmedia":[{"embeddable":true,"href":"https:\/\/nadonsfisioterapia.com\/es\/wp-json\/wp\/v2\/media\/1515"}],"wp:attachment":[{"href":"https:\/\/nadonsfisioterapia.com\/es\/wp-json\/wp\/v2\/media?parent=1514"}],"wp:term":[{"taxonomy":"category","embeddable":true,"href":"https:\/\/nadonsfisioterapia.com\/es\/wp-json\/wp\/v2\/categories?post=1514"},{"taxonomy":"post_tag","embeddable":true,"href":"https:\/\/nadonsfisioterapia.com\/es\/wp-json\/wp\/v2\/tags?post=1514"}],"curies":[{"name":"wp","href":"https:\/\/api.w.org\/{rel}","templated":true}]}}